{"id":112,"date":"2021-06-05T20:07:00","date_gmt":"2021-06-05T18:07:00","guid":{"rendered":"http:\/\/www.cobcastillalamancha.org\/blog\/?p=112"},"modified":"2021-06-18T20:10:05","modified_gmt":"2021-06-18T18:10:05","slug":"dia-del-medio-ambiente-2021-transicion-social-y-economica-tambien-ecologica","status":"publish","type":"post","link":"https:\/\/www.cobcastillalamancha.org\/blog\/2021\/06\/05\/dia-del-medio-ambiente-2021-transicion-social-y-economica-tambien-ecologica\/","title":{"rendered":"D\u00eda del Medio Ambiente 2021. Transici\u00f3n social y econ\u00f3mica. \u00bfTambi\u00e9n ecol\u00f3gica?"},"content":{"rendered":"\n<p>Este a\u00f1o 2021 la Organizaci\u00f3n de las Naciones Unidas dedica el d\u00eda mundial del medio ambiente a la restauraci\u00f3n de los ecosistemas con objeto de prevenir, detener y revertir su degradaci\u00f3n y propiciar acciones de adaptaci\u00f3n a los efectos del fen\u00f3meno del cambio clim\u00e1tico.<\/p>\n\n\n\n<p><br>La Uni\u00f3n Europea, enmarcado en el Pacto Verde, ha propiciado una oportunidad mediante los Fondos \u201cNext Generation UE\u201d para incluir la biodiversidad en las pol\u00edticas ambientales y en los proyectos de restauraci\u00f3n ecol\u00f3gica.<\/p>\n\n\n\n<p><br>Como consecuencia de la crisis generada por la pandemia por SARS-CoV-2, es preciso revitalizar la econom\u00eda y buscar una transici\u00f3n a una sociedad m\u00e1s justa y equilibrada, pero eso no puede conllevar olvidarnos, una vez m\u00e1s, de incluir la biodiversidad y la mejora del medio ambiente entre las acciones por implementar, podemos generar un impulso socioecon\u00f3mico asentado en bases fr\u00e1giles.<\/p>\n\n\n\n<p><br>El concepto de salud global \u201cOne Health\u201d, es el fundamento de una estrategia mundial que nos debe orientar en este nuevo escenario de transici\u00f3n y cambio en el que estamos inmersos. Sin embargo, se observan circulares y comunicados disciplinares que abundan en la mejora y el cuidado de la salud humana y de la salud animal, imprescindibles y muy desarrolladas y aplicadas profesionalmente; en cambio, la salud de los ecosistemas y los servicios que nos aportan y de los que dependemos para nuestra supervivencia, se relegan a un papel subsidiario y, en muchas ocasiones, como una mera declaraci\u00f3n de intenciones.<\/p>\n\n\n\n<p><br>En cuanto a las referencias que se realizan sobre el medio ambiente y el patrimonio natural, se aprecia en la sociedad espa\u00f1ola una visi\u00f3n diferenciada entre los habitantes de los entornos rurales y urbanos mal interpretada y que genera pol\u00e9micas incoherentes aplicadas a actividades basadas en el aprovechamiento de los recursos naturales y que solo conlleva alejarse de la necesaria visi\u00f3n profesional integradora.<\/p>\n\n\n\n<p><br>Debemos reconocer que cuando enfermamos y necesitamos una intervenci\u00f3n m\u00e9dica se recurre a un cirujano, o cuando se enferma el ganado o una mascota se recurre a un veterinario, y por qu\u00e9 cuando la necesidad es la prevenci\u00f3n y restauraci\u00f3n del medio natural o la mejora del medio ambiente se recurre a aficionados o a expertos en otras disciplinas y no se demanda un profesional del medio ambiente.<\/p>\n\n\n\n<p>Es indispensable que demos paso a una transici\u00f3n tambi\u00e9n ecol\u00f3gica, y no solo de palabra, si no efectiva y fundamentada en una integraci\u00f3n social, econ\u00f3mica y ambiental que nos permita adaptarnos a este mundo cambiante reforzando los pilares que nos sustentan como sociedad y que no son otros que los recursos naturales y la preservaci\u00f3n y restauraci\u00f3n del patrimonio natural y la biodiversidad.<\/p>\n\n\n\n<p><br>5 de junio de 2021<br>JORGE ABAD GARC\u00cdA<br>Comisi\u00f3n de Medio Ambiente<br>Consejo General de Colegios Oficiales de Bi\u00f3logos<br>Consejo<\/p>\n\n\n\n<p><\/p>\n","protected":false},"excerpt":{"rendered":"<p>Este a\u00f1o 2021 la Organizaci\u00f3n de las Naciones Unidas dedica el d\u00eda mundial del medio ambiente a la restauraci\u00f3n de los ecosistemas con objeto de prevenir, detener y revertir su degradaci\u00f3n y propiciar acciones de adaptaci\u00f3n a los efectos del fen\u00f3meno del cambio clim\u00e1tico. La Uni\u00f3n Europea, enmarcado en el Pacto Verde, ha propiciado una &hellip; <\/p>\n<p class=\"link-more\"><a href=\"https:\/\/www.cobcastillalamancha.org\/blog\/2021\/06\/05\/dia-del-medio-ambiente-2021-transicion-social-y-economica-tambien-ecologica\/\" class=\"more-link\">Continuar leyendo<span class=\"screen-reader-text\"> \u00abD\u00eda del Medio Ambiente 2021. Transici\u00f3n social y econ\u00f3mica. \u00bfTambi\u00e9n ecol\u00f3gica?\u00bb<\/span><\/a><\/p>\n","protected":false},"author":1,"featured_media":0,"comment_status":"open","ping_status":"open","sticky":false,"template":"","format":"standard","meta":{"footnotes":""},"categories":[1],"tags":[],"class_list":["post-112","post","type-post","status-publish","format-standard","hentry","category-decano"],"_links":{"self":[{"href":"https:\/\/www.cobcastillalamancha.org\/blog\/wp-json\/wp\/v2\/posts\/112","targetHints":{"allow":["GET"]}}],"collection":[{"href":"https:\/\/www.cobcastillalamancha.org\/blog\/wp-json\/wp\/v2\/posts"}],"about":[{"href":"https:\/\/www.cobcastillalamancha.org\/blog\/wp-json\/wp\/v2\/types\/post"}],"author":[{"embeddable":true,"href":"https:\/\/www.cobcastillalamancha.org\/blog\/wp-json\/wp\/v2\/users\/1"}],"replies":[{"embeddable":true,"href":"https:\/\/www.cobcastillalamancha.org\/blog\/wp-json\/wp\/v2\/comments?post=112"}],"version-history":[{"count":1,"href":"https:\/\/www.cobcastillalamancha.org\/blog\/wp-json\/wp\/v2\/posts\/112\/revisions"}],"predecessor-version":[{"id":113,"href":"https:\/\/www.cobcastillalamancha.org\/blog\/wp-json\/wp\/v2\/posts\/112\/revisions\/113"}],"wp:attachment":[{"href":"https:\/\/www.cobcastillalamancha.org\/blog\/wp-json\/wp\/v2\/media?parent=112"}],"wp:term":[{"taxonomy":"category","embeddable":true,"href":"https:\/\/www.cobcastillalamancha.org\/blog\/wp-json\/wp\/v2\/categories?post=112"},{"taxonomy":"post_tag","embeddable":true,"href":"https:\/\/www.cobcastillalamancha.org\/blog\/wp-json\/wp\/v2\/tags?post=112"}],"curies":[{"name":"wp","href":"https:\/\/api.w.org\/{rel}","templated":true}]}}